{"id":2528,"date":"2025-11-21T12:32:00","date_gmt":"2025-11-21T12:32:00","guid":{"rendered":"https:\/\/aa1.es\/?p=2528"},"modified":"2025-11-20T18:37:56","modified_gmt":"2025-11-20T18:37:56","slug":"o-grupo-aa1-participa-na-39a-edicion-da-effost-international-conference-2025-gl-en","status":"publish","type":"post","link":"https:\/\/aa1.es\/?p=2528","title":{"rendered":"O Grupo AA1 participa na 39\u00aa edici\u00f3n da\u00a0EFFoST International Conference 2025 (GL\/EN)"},"content":{"rendered":"\n<p>As investigadoras Paz Otero, Luc\u00eda Cassani, Ant\u00eda Torres e Carla Cameselle participaron na 39\u00aa edici\u00f3n da conferencia internacional EFFoST 2025, que tivo lugar entre o 17 e 19 de novembro no Porto (Portugal). A Conferencia tivo lugar na Escola Superior de Biotecnologia da Universidade Cat\u00f3lica Portuguesa e tivo como tema principal a transici\u00f3n cara sistemas alimentarios sost\u00edbeis, con particular interese nas novidades e os retos e desaf\u00edos para a investigaci\u00f3n cient\u00edfica no \u00e1mbito.<\/p>\n\n\n\n<p>Os traballos presentados polas nosas representantes forman parte dos programas de doutoramento de Carla Cameselle e Ant\u00eda Torres, as\u00ed coma das investigaci\u00f3ns desenvolvidas por Luc\u00eda Cassani e Paz Otero en cadanseus proxectos posdoutorais.<\/p>\n\n\n\n<p>Al\u00e9n dos respectivos proxectos, os resultados presentados fan tam\u00e9n referencia a proxectos europeos do grupo de investigaci\u00f3n coma o <a href=\"https:\/\/up4health.eu\/\">UP4HEALTH<\/a> e o <a href=\"https:\/\/promiseang-project.eu\/\">PROMISEANG<\/a>.<\/p>\n\n\n\t\t\t\t\t<div\n\t\t\t\t\t\tclass=\"wp-block-uagb-image-gallery uagb-block-acae7927     \"\n\t\t\t\t\t\tstyle=\"\"\n\t\t\t\t\t>\n\t\t\t\t\t\t\t\t\t\t\t<div class=\"spectra-image-gallery spectra-image-gallery__layout--grid spectra-image-gallery__layout--grid-col-4 spectra-image-gallery__layout--grid-col-tab-3 spectra-image-gallery__layout--grid-col-mob-2\">\n\t\t\t\t\t\t\t\t\t\t\t<div class='spectra-image-gallery__media-wrapper' data-spectra-gallery-image-id='2537' tabindex=\"0\">\n\t\t\t\t\t\t\t<div class=\"spectra-image-gallery__media spectra-image-gallery__media--grid\">\n\t\t\t\t<picture>\n\t\t\t\t\t<source media=\"(min-width: 1024px)\" srcset=\"https:\/\/aa1.es\/wp-content\/uploads\/2025\/11\/Paz-_Otero-212x300.jpg\">\n\t\t\t\t\t<source media=\"(min-width: 768px)\" srcset=\"https:\/\/aa1.es\/wp-content\/uploads\/2025\/11\/Paz-_Otero-723x1024.jpg\">\n\t\t\t\t\t<img decoding=\"async\" class=\"spectra-image-gallery__media-thumbnail spectra-image-gallery__media-thumbnail--grid\" src=\"https:\/\/aa1.es\/wp-content\/uploads\/2025\/11\/Paz-_Otero-212x300.jpg\" alt=\"\" loading=\"lazy\" \/>\n\t\t\t\t<\/picture>\n\t\t\t\t<div class=\"spectra-image-gallery__media-thumbnail-blurrer\"><\/div>\n\t\t\t\t\t\t\t\t\t\t\t<div class=\"spectra-image-gallery__media-thumbnail-caption-wrapper spectra-image-gallery__media-thumbnail-caption-wrapper--overlay\">\n\t\t\t\t\t\t\t\t\t\t\t<div class=\"spectra-image-gallery__media-thumbnail-caption spectra-image-gallery__media-thumbnail-caption--overlay\">\n\t\t\t\t\tPaz Otero\t\t\t\t<\/div>\n\t\t\t\t\t\t\t\t\t\t<\/div>\n\t\t\t\t\t\t\t\t\t<\/div>\n\t\t\t\t\t\t<\/div>\n\t\t\t\t\t\t<div class='spectra-image-gallery__media-wrapper' data-spectra-gallery-image-id='2535' tabindex=\"0\">\n\t\t\t\t\t\t\t<div class=\"spectra-image-gallery__media spectra-image-gallery__media--grid\">\n\t\t\t\t<picture>\n\t\t\t\t\t<source media=\"(min-width: 1024px)\" srcset=\"https:\/\/aa1.es\/wp-content\/uploads\/2025\/11\/Lucia-Cassani-1-243x300.jpeg\">\n\t\t\t\t\t<source media=\"(min-width: 768px)\" srcset=\"https:\/\/aa1.es\/wp-content\/uploads\/2025\/11\/Lucia-Cassani-1-828x1024.jpeg\">\n\t\t\t\t\t<img decoding=\"async\" class=\"spectra-image-gallery__media-thumbnail spectra-image-gallery__media-thumbnail--grid\" src=\"https:\/\/aa1.es\/wp-content\/uploads\/2025\/11\/Lucia-Cassani-1-243x300.jpeg\" alt=\"\" loading=\"lazy\" \/>\n\t\t\t\t<\/picture>\n\t\t\t\t<div class=\"spectra-image-gallery__media-thumbnail-blurrer\"><\/div>\n\t\t\t\t\t\t\t\t\t\t\t<div class=\"spectra-image-gallery__media-thumbnail-caption-wrapper spectra-image-gallery__media-thumbnail-caption-wrapper--overlay\">\n\t\t\t\t\t\t\t\t\t\t\t<div class=\"spectra-image-gallery__media-thumbnail-caption spectra-image-gallery__media-thumbnail-caption--overlay\">\n\t\t\t\t\tLuc\u00eda Cassani\t\t\t\t<\/div>\n\t\t\t\t\t\t\t\t\t\t<\/div>\n\t\t\t\t\t\t\t\t\t<\/div>\n\t\t\t\t\t\t<\/div>\n\t\t\t\t\t\t<div class='spectra-image-gallery__media-wrapper' data-spectra-gallery-image-id='2536' tabindex=\"0\">\n\t\t\t\t\t\t\t<div class=\"spectra-image-gallery__media spectra-image-gallery__media--grid\">\n\t\t\t\t<picture>\n\t\t\t\t\t<source media=\"(min-width: 1024px)\" srcset=\"https:\/\/aa1.es\/wp-content\/uploads\/2025\/11\/Carla-Cameselle-225x300.jpg\">\n\t\t\t\t\t<source media=\"(min-width: 768px)\" srcset=\"https:\/\/aa1.es\/wp-content\/uploads\/2025\/11\/Carla-Cameselle-768x1024.jpg\">\n\t\t\t\t\t<img decoding=\"async\" class=\"spectra-image-gallery__media-thumbnail spectra-image-gallery__media-thumbnail--grid\" src=\"https:\/\/aa1.es\/wp-content\/uploads\/2025\/11\/Carla-Cameselle-225x300.jpg\" alt=\"\" loading=\"lazy\" \/>\n\t\t\t\t<\/picture>\n\t\t\t\t<div class=\"spectra-image-gallery__media-thumbnail-blurrer\"><\/div>\n\t\t\t\t\t\t\t\t\t\t\t<div class=\"spectra-image-gallery__media-thumbnail-caption-wrapper spectra-image-gallery__media-thumbnail-caption-wrapper--overlay\">\n\t\t\t\t\t\t\t\t\t\t\t<div class=\"spectra-image-gallery__media-thumbnail-caption spectra-image-gallery__media-thumbnail-caption--overlay\">\n\t\t\t\t\tCarla Cameselle\t\t\t\t<\/div>\n\t\t\t\t\t\t\t\t\t\t<\/div>\n\t\t\t\t\t\t\t\t\t<\/div>\n\t\t\t\t\t\t<\/div>\n\t\t\t\t\t\t<div class='spectra-image-gallery__media-wrapper' data-spectra-gallery-image-id='2533' tabindex=\"0\">\n\t\t\t\t\t\t\t<div class=\"spectra-image-gallery__media spectra-image-gallery__media--grid\">\n\t\t\t\t<picture>\n\t\t\t\t\t<source media=\"(min-width: 1024px)\" srcset=\"https:\/\/aa1.es\/wp-content\/uploads\/2025\/11\/Antia-Torres-225x300.jpg\">\n\t\t\t\t\t<source media=\"(min-width: 768px)\" srcset=\"https:\/\/aa1.es\/wp-content\/uploads\/2025\/11\/Antia-Torres-768x1024.jpg\">\n\t\t\t\t\t<img decoding=\"async\" class=\"spectra-image-gallery__media-thumbnail spectra-image-gallery__media-thumbnail--grid\" src=\"https:\/\/aa1.es\/wp-content\/uploads\/2025\/11\/Antia-Torres-225x300.jpg\" alt=\"\" loading=\"lazy\" \/>\n\t\t\t\t<\/picture>\n\t\t\t\t<div class=\"spectra-image-gallery__media-thumbnail-blurrer\"><\/div>\n\t\t\t\t\t\t\t\t\t\t\t<div class=\"spectra-image-gallery__media-thumbnail-caption-wrapper spectra-image-gallery__media-thumbnail-caption-wrapper--overlay\">\n\t\t\t\t\t\t\t\t\t\t\t<div class=\"spectra-image-gallery__media-thumbnail-caption spectra-image-gallery__media-thumbnail-caption--overlay\">\n\t\t\t\t\tAnt\u00eda Torres\t\t\t\t<\/div>\n\t\t\t\t\t\t\t\t\t\t<\/div>\n\t\t\t\t\t\t\t\t\t<\/div>\n\t\t\t\t\t\t<\/div>\n\t\t\t\t\t\t\t\t\t\t<\/div>\n\t\t\t\t\t\t\t\t\t\t\t\t\t\t\t\t\t\t<\/div>\n\t\t\t\t\t\t\t\t\t\n\n\n<div class=\"wp-block-uagb-advanced-heading uagb-block-14fb0395\"><h2 class=\"uagb-heading-text\">The AA1 Group participates in the 39th edition of the EFFoST International Conference 2025<\/h2><\/div>\n\n\n\n<p>Researchers Paz Otero, Luc\u00eda Cassani, Ant\u00eda Torres and Carla Cameselle participated in the 39th edition of the international conference EFFoST 2025, which took place from 17 to 19 November in Porto, Portugal. The conference took place at the School of Biotechnology of the Catholic University of Portugal and its main theme was the transition towards sustainable food systems, with particular interest in the latest developments and the challenges and opportunities for scientific research in the field.<\/p>\n\n\n\n<p>The papers presented by our representatives are part of the doctoral programmes of Carla Cameselle and Ant\u00eda Torres, as well as the research carried out by Luc\u00eda Cassani and Paz Otero in their respective postdoctoral projects.<\/p>\n\n\n\n<p>In addition to the respective projects, the results presented also refer to European projects of the research group such as <a href=\"https:\/\/up4health.eu\/\">UP4HEALTH<\/a> and <a href=\"https:\/\/promiseang-project.eu\/\">PROMISEANG<\/a>.<\/p>\n","protected":false},"excerpt":{"rendered":"<p>As investigadoras Paz Otero, Luc\u00eda Cassani, Ant\u00eda Torres e Carla Cameselle participaron na 39\u00aa edici\u00f3n da conferencia internacional EFFoST 2025, que tivo lugar entre o 17 e 19 de novembro no Porto (Portugal). A Conferencia tivo lugar na Escola Superior de Biotecnologia da Universidade Cat\u00f3lica Portuguesa e tivo como tema principal a transici\u00f3n cara sistemas [&hellip;]<\/p>\n","protected":false},"author":1,"featured_media":2530,"comment_status":"open","ping_status":"open","sticky":false,"template":"","format":"standard","meta":{"_uag_custom_page_level_css":"","footnotes":""},"categories":[8],"tags":[],"class_list":["post-2528","post","type-post","status-publish","format-standard","has-post-thumbnail","hentry","category-destacados-inicio"],"uagb_featured_image_src":{"full":["https:\/\/aa1.es\/wp-content\/uploads\/2025\/11\/Las-4-investigadoras-del-AA1-1.jpg",1349,924,false],"thumbnail":["https:\/\/aa1.es\/wp-content\/uploads\/2025\/11\/Las-4-investigadoras-del-AA1-1-150x150.jpg",150,150,true],"medium":["https:\/\/aa1.es\/wp-content\/uploads\/2025\/11\/Las-4-investigadoras-del-AA1-1-300x205.jpg",300,205,true],"medium_large":["https:\/\/aa1.es\/wp-content\/uploads\/2025\/11\/Las-4-investigadoras-del-AA1-1-768x526.jpg",768,526,true],"large":["https:\/\/aa1.es\/wp-content\/uploads\/2025\/11\/Las-4-investigadoras-del-AA1-1-1024x701.jpg",800,548,true],"1536x1536":["https:\/\/aa1.es\/wp-content\/uploads\/2025\/11\/Las-4-investigadoras-del-AA1-1.jpg",1349,924,false],"2048x2048":["https:\/\/aa1.es\/wp-content\/uploads\/2025\/11\/Las-4-investigadoras-del-AA1-1.jpg",1349,924,false]},"uagb_author_info":{"display_name":"AA1 Grupo de Investigaciones Agrarias y Alimentarias","author_link":"https:\/\/aa1.es\/?author=1"},"uagb_comment_info":0,"uagb_excerpt":"As investigadoras Paz Otero, Luc\u00eda Cassani, Ant\u00eda Torres e Carla Cameselle participaron na 39\u00aa edici\u00f3n da conferencia internacional EFFoST 2025, que tivo lugar entre o 17 e 19 de novembro no Porto (Portugal). A Conferencia tivo lugar na Escola Superior de Biotecnologia da Universidade Cat\u00f3lica Portuguesa e tivo como tema principal a transici\u00f3n cara sistemas&hellip;","_links":{"self":[{"href":"https:\/\/aa1.es\/index.php?rest_route=\/wp\/v2\/posts\/2528","targetHints":{"allow":["GET"]}}],"collection":[{"href":"https:\/\/aa1.es\/index.php?rest_route=\/wp\/v2\/posts"}],"about":[{"href":"https:\/\/aa1.es\/index.php?rest_route=\/wp\/v2\/types\/post"}],"author":[{"embeddable":true,"href":"https:\/\/aa1.es\/index.php?rest_route=\/wp\/v2\/users\/1"}],"replies":[{"embeddable":true,"href":"https:\/\/aa1.es\/index.php?rest_route=%2Fwp%2Fv2%2Fcomments&post=2528"}],"version-history":[{"count":3,"href":"https:\/\/aa1.es\/index.php?rest_route=\/wp\/v2\/posts\/2528\/revisions"}],"predecessor-version":[{"id":2540,"href":"https:\/\/aa1.es\/index.php?rest_route=\/wp\/v2\/posts\/2528\/revisions\/2540"}],"wp:featuredmedia":[{"embeddable":true,"href":"https:\/\/aa1.es\/index.php?rest_route=\/wp\/v2\/media\/2530"}],"wp:attachment":[{"href":"https:\/\/aa1.es\/index.php?rest_route=%2Fwp%2Fv2%2Fmedia&parent=2528"}],"wp:term":[{"taxonomy":"category","embeddable":true,"href":"https:\/\/aa1.es\/index.php?rest_route=%2Fwp%2Fv2%2Fcategories&post=2528"},{"taxonomy":"post_tag","embeddable":true,"href":"https:\/\/aa1.es\/index.php?rest_route=%2Fwp%2Fv2%2Ftags&post=2528"}],"curies":[{"name":"wp","href":"https:\/\/api.w.org\/{rel}","templated":true}]}}